{"id":629,"date":"2012-09-06T14:07:55","date_gmt":"2012-09-06T12:07:55","guid":{"rendered":"http:\/\/www.fromrss.com\/?p=629"},"modified":"2012-09-06T14:07:55","modified_gmt":"2012-09-06T12:07:55","slug":"fujifilm-x-e1-le-petit-frere-du-x-pro1","status":"publish","type":"post","link":"https:\/\/fromrss.com\/index.php\/2012\/09\/06\/fujifilm-x-e1-le-petit-frere-du-x-pro1\/","title":{"rendered":"Fujifilm X-E1 le petit fr\u00e8re du X-Pro1"},"content":{"rendered":"<p>\t\t\t\tFuji annonce la sortie du Fujifilm X-E1, un hybride moins on\u00e9reux et plus compact que son pr\u00e9d\u00e9cesseur le X-Pro1. Il reprend le m\u00eame capteur\u00a0APS-C X-Trans de 16 Mpixels et la monture X-Pro 1 pour les objectifs, la qualit\u00e9 d&rsquo;image est donc rigoureusement identique entre les deux mod\u00e8les. La diff\u00e9rence majeure se situe au niveau de la vis\u00e9e qui est un AVD OLED de 2,36 millions de pixels, celui-l\u00e0 m\u00eame qui \u00e9quipe le Sony NEX-7.<\/p>\n<p><a href=\"http:\/\/fromrss.com\/wp-content\/uploads\/2012\/09\/Fujix-e1-1.jpg\"><img loading=\"lazy\" decoding=\"async\" class=\"aligncenter size-medium wp-image-630\" title=\"Fujix-e1\" src=\"http:\/\/fromrss.com\/wp-content\/uploads\/2012\/09\/Fujix-e1-1-300x268.jpg\" alt=\"\" width=\"300\" height=\"268\" srcset=\"https:\/\/fromrss.com\/wp-content\/uploads\/2012\/09\/Fujix-e1-1-300x268.jpg 300w, https:\/\/fromrss.com\/wp-content\/uploads\/2012\/09\/Fujix-e1-1.jpg 600w\" sizes=\"auto, (max-width: 300px) 100vw, 300px\" \/><\/a><\/p>\n<p>&nbsp;<\/p>\n<p>Cot\u00e9 sensibilit\u00e9 l&rsquo;appareil affiche une gamme de\u00a0200 \u00e0 6400 ISO (avec deux modes \u00e9tendus de 12 800 et 25 600 ISO), avec un obturateur de\u00a01\/4000s \u00e0 30s et pose B, et un mode rafale de 3 \u00e0 6 images par seconde. Le mode vid\u00e9o propose 1080\/24p avec une prise pour micro externe. Dimension du boitier\u00a0<em>139,5 x 81,8 x 42,5 mm\u00a0<\/em>pour un poids de 450 grammes avec batterie.<\/p>\n<p><a href=\"http:\/\/fromrss.com\/wp-content\/uploads\/2012\/09\/fuji-xe1-viseur_500-1.jpg\"><img loading=\"lazy\" decoding=\"async\" class=\"aligncenter size-medium wp-image-631\" title=\"fuji-xe1-viseur_500\" src=\"http:\/\/fromrss.com\/wp-content\/uploads\/2012\/09\/fuji-xe1-viseur_500-1-300x231.jpg\" alt=\"\" width=\"300\" height=\"231\" srcset=\"https:\/\/fromrss.com\/wp-content\/uploads\/2012\/09\/fuji-xe1-viseur_500-1-300x231.jpg 300w, https:\/\/fromrss.com\/wp-content\/uploads\/2012\/09\/fuji-xe1-viseur_500-1.jpg 500w\" sizes=\"auto, (max-width: 300px) 100vw, 300px\" \/><\/a><\/p>\n<p>&nbsp;<\/p>\n<p><a href=\"http:\/\/fromrss.com\/wp-content\/uploads\/2012\/09\/fuji-x-e1_dos_500-1.jpg\"><img loading=\"lazy\" decoding=\"async\" class=\"aligncenter size-medium wp-image-632\" title=\"fuji-x-e1_dos_500\" src=\"http:\/\/fromrss.com\/wp-content\/uploads\/2012\/09\/fuji-x-e1_dos_500-1-300x191.jpg\" alt=\"\" width=\"300\" height=\"191\" srcset=\"https:\/\/fromrss.com\/wp-content\/uploads\/2012\/09\/fuji-x-e1_dos_500-1-300x191.jpg 300w, https:\/\/fromrss.com\/wp-content\/uploads\/2012\/09\/fuji-x-e1_dos_500-1.jpg 500w\" sizes=\"auto, (max-width: 300px) 100vw, 300px\" \/><\/a><\/p>\n<p><a href=\"http:\/\/fromrss.com\/wp-content\/uploads\/2012\/09\/fuji-xe1-haut_500-1.jpg\"><img loading=\"lazy\" decoding=\"async\" class=\"aligncenter size-medium wp-image-633\" title=\"fuji-xe1-haut_500\" src=\"http:\/\/fromrss.com\/wp-content\/uploads\/2012\/09\/fuji-xe1-haut_500-1-300x116.jpg\" alt=\"\" width=\"300\" height=\"116\" srcset=\"https:\/\/fromrss.com\/wp-content\/uploads\/2012\/09\/fuji-xe1-haut_500-1-300x116.jpg 300w, https:\/\/fromrss.com\/wp-content\/uploads\/2012\/09\/fuji-xe1-haut_500-1.jpg 500w\" sizes=\"auto, (max-width: 300px) 100vw, 300px\" \/><\/a><\/p>\n<p>L&rsquo;appareil sera commercialis\u00e9 d\u00e9s novembre pour un prix de 899 Euros TTC boitier nu, et\u00a01.299 \u20ac avec l&rsquo;objectif Fujinon XF18-55mm F2.8-4 R LM OIS.<\/p>\n<p style=\"text-align: center;\">[youtube video_id=\u00a0\u00bbJo97siRDKDw\u00a0\u00bb width=\u00a0\u00bb460&Prime; height=\u00a0\u00bb320&Prime; \/]<\/p>\n<p>Source et images : <a title=\"Fujifilm X-E1 : capteur X-Trans et viseur OLED\" href=\"http:\/\/www.zone-numerique.com\/news-13371-fujifilm-x-e1-capteur-x-trans-et-viseur-oled.html\" target=\"_blank\" rel=\"noopener noreferrer\">zone-numerique.com<\/a>\t\t<\/p>\n","protected":false},"excerpt":{"rendered":"<p>Fuji annonce la sortie du Fujifilm X-E1, un hybride moins on\u00e9reux et plus compact que son pr\u00e9d\u00e9cesseur le X-Pro1. Il reprend le m\u00eame capteur\u00a0APS-C X-Trans de 16 Mpixels et la monture X-Pro 1 pour les objectifs, la qualit\u00e9 d&rsquo;image est donc rigoureusement identique entre les deux mod\u00e8les. La diff\u00e9rence majeure se situe au niveau de [&hellip;]<\/p>\n","protected":false},"author":1,"featured_media":634,"comment_status":"open","ping_status":"open","sticky":false,"template":"","format":"standard","meta":{"footnotes":""},"categories":[15],"tags":[50,194,195,196,242,531],"class_list":["post-629","post","type-post","status-publish","format-standard","has-post-thumbnail","hentry","category-photographie","tag-aps-c","tag-fuji","tag-fujifulm-x-e1","tag-fujinon","tag-hybride","tag-x-pro-1"],"_links":{"self":[{"href":"https:\/\/fromrss.com\/index.php\/wp-json\/wp\/v2\/posts\/629","targetHints":{"allow":["GET"]}}],"collection":[{"href":"https:\/\/fromrss.com\/index.php\/wp-json\/wp\/v2\/posts"}],"about":[{"href":"https:\/\/fromrss.com\/index.php\/wp-json\/wp\/v2\/types\/post"}],"author":[{"embeddable":true,"href":"https:\/\/fromrss.com\/index.php\/wp-json\/wp\/v2\/users\/1"}],"replies":[{"embeddable":true,"href":"https:\/\/fromrss.com\/index.php\/wp-json\/wp\/v2\/comments?post=629"}],"version-history":[{"count":0,"href":"https:\/\/fromrss.com\/index.php\/wp-json\/wp\/v2\/posts\/629\/revisions"}],"wp:featuredmedia":[{"embeddable":true,"href":"https:\/\/fromrss.com\/index.php\/wp-json\/wp\/v2\/media\/634"}],"wp:attachment":[{"href":"https:\/\/fromrss.com\/index.php\/wp-json\/wp\/v2\/media?parent=629"}],"wp:term":[{"taxonomy":"category","embeddable":true,"href":"https:\/\/fromrss.com\/index.php\/wp-json\/wp\/v2\/categories?post=629"},{"taxonomy":"post_tag","embeddable":true,"href":"https:\/\/fromrss.com\/index.php\/wp-json\/wp\/v2\/tags?post=629"}],"curies":[{"name":"wp","href":"https:\/\/api.w.org\/{rel}","templated":true}]}}